{"id":9324,"date":"2024-05-01T13:33:01","date_gmt":"2024-05-01T11:33:01","guid":{"rendered":"https:\/\/www.alda.eus\/?p=9324"},"modified":"2024-05-01T13:49:25","modified_gmt":"2024-05-01T11:49:25","slug":"maiatzaren-1a-baionan-aberatsak-zergapetu-jende-lerro-alai-eta-aldarrikatzailea","status":"publish","type":"post","link":"https:\/\/www.alda.eus\/eu\/maiatzaren-1a-baionan-aberatsak-zergapetu-jende-lerro-alai-eta-aldarrikatzailea\/","title":{"rendered":"Maiatzaren 1a Baionan, \u201caberatsak zergapetu\u201d jende-lerro alai eta aldarrikatzailea"},"content":{"rendered":"<p>[et_pb_section fb_built=&#8221;1&#8243; admin_label=&#8221;section&#8221; _builder_version=&#8221;3.22&#8243;][et_pb_row admin_label=&#8221;row&#8221; _builder_version=&#8221;4.6.5&#8243; background_size=&#8221;initial&#8221; background_position=&#8221;top_left&#8221; background_repeat=&#8221;repeat&#8221;][et_pb_column type=&#8221;4_4&#8243; _builder_version=&#8221;3.25&#8243; custom_padding=&#8221;|||&#8221; custom_padding__hover=&#8221;|||&#8221;][et_pb_text admin_label=&#8221;Text&#8221; _builder_version=&#8221;4.6.5&#8243; background_size=&#8221;initial&#8221; background_position=&#8221;top_left&#8221; background_repeat=&#8221;repeat&#8221;]<\/p>\n<div dir=\"auto\">\n<p><b><i>Alda eta Bizi elkarrekin atera dira euripean Baionako karriketara maiatzaren 1eko manifestazio tradizionalaren karietara.\u00a0<\/i><\/b><b><i>Haien animazio eta antzerki ironikoekin, bi elkarteek eskaera seriosa egin dute: hots, \u201caberatsak zergapetzeko\u201d, horri esker justizia soziala eta eraldaketa ekologikoa diruztatu ahal izateko.<\/i><\/b><\/p>\n<p><span style=\"font-weight: 400;\">\u201cZergapetu ditzagun aberatsak\u201d aldarrikatuz atera da Baionako karriketara Bizik eta Aldak antolaturiko jende lerro alai, umoretsu eta deliberatua, 2024ko maiatzaren 1eko asteazken honetan. Han bildutakoek altxatu pankartetan irakur zitekeen aldarrikapen hau, manera ezberdinetan deklinatua: \u201cBai Estatu sozialari, bai justizia fiskalari\u201d, \u201cZergapetu ditzagun aberatsak, diruzta dezagun eraldaketa ekologikoa\u201d edo baita \u201c Sustenga ditzagun alokatzaileak, ez akziodunak!\u201d ere.<\/span><span style=\"font-weight: 400;\"><br \/><\/span><span style=\"font-weight: 400;\"><br \/><\/span><span style=\"font-weight: 400;\">60 miliar euroko billete faltsu banaketa batek obratu beharreko hainbat <\/span><span style=\"font-weight: 400;\">proposamen konkretu jakinarazi dizkie oinezkoei : \u201c<\/span><i><span style=\"font-weight: 400;\">Dirua, bada ! ATTAC-ek proposatu 6 neurriek 60 miliar ekartzen ahal lituzkete\u00a0 berehala, gobernu honek aberetsenei ordainarazteko nahikaria balu, erdi mailako eta langile klasei sistematikoki mendekatzeko partez.<\/span><\/i><\/p>\n<p><span style=\"font-weight: 400;\">Talde ttipi batek arreta erakarri du, Bollor\u00e9, Arnault, Pouyann\u00e9, Le Maire edota ere Bettencourt-en jantzi dotore eta maskak erakutsiz. Horrela desfilatu dute, sakelak billete faltsuz beteak eta eskabideekin \u201cAkziodunak Bruno Le Mairekin\u201d, \u201cGora sokadako aintzindariak\u201d, \u201cGehiago lan egin ezazue gehiago irabaz dezagun!\u201d, manifestarien behako jostakinen artean.<\/span><\/p>\n<p><span style=\"font-weight: 400;\">Baina Alda eta Bizi erakundeentzat, maiatzaren Lehena parada izan da mezu biziki serios baten hedatzeko. \u00ab<\/span><i><span style=\"font-weight: 400;\">Desberdintasunak handitzen ari diren bitartean eta inflazioak biztanleriaren zati handi baten bizi-mailan pisua duen bitartean, gobernua, handitu beharko liratekeen aurrekontuak, murrizten ari da, hala nola trantsizio ekologikorako, eraikinen isolamendu termikorako, etxebizitza sozialaren ekoizpenerako, osagarria eta jendarte elkartasunarendako aurrekontuak<\/span><\/i><span style=\"font-weight: 400;\">\u201d gogoratu du Ainize Butron Aldako ko-lehendakariak. Elouan Trichard Biziko koordinatzaileak salatu du: \u201c<\/span><i><span style=\"font-weight: 400;\">Estatuak aberatsenei eta enpresa handiei bizia errexten die, eta gero eta gehiago hertsadura ezartzen klase ertain eta herrikoiei. Horrek ezin du iraun, aberatsak zergapetu behar ditugu, aberastasuna birbanatzeko eta justizia soziala eta metamorfosi ekologikoa finantzatzeko\u00bb<\/span><\/i><span style=\"font-weight: 400;\">.<\/span><\/p>\n<p><i><span style=\"font-weight: 400;\">(*) Superirabazi guziak zergapetu (sartzeak 10 eta 20 miliar euro artean), iruzur fiskalaren kontrako zerga unitarioa ezarri (18 miliari euro), zinezko aberastasunaren gaineko zerga plantan eman (10 miliar euro), aktibo handien transmisioa hobeki zergapetu (5 eta 10 miliar euro artean), zerga eta gizarte salbuespenak berrikusi (15 eta 20 miliar euro artean), fiskalitatea progresiboagoa bilakarazi finantza-errenten zergapetze zuzenaren bidez (2 miliar euro inguru).<\/span><\/i><\/p>\n<p><br style=\"font-weight: 400;\" \/><br style=\"font-weight: 400;\" \/><\/p>\n<\/div>\n<p>[\/et_pb_text][\/et_pb_column][\/et_pb_row][\/et_pb_section]<\/p>\n","protected":false},"excerpt":{"rendered":"<p>[et_pb_section fb_built=&#8221;1&#8243; admin_label=&#8221;section&#8221; _builder_version=&#8221;3.22&#8243;][et_pb_row admin_label=&#8221;row&#8221; _builder_version=&#8221;4.6.5&#8243; background_size=&#8221;initial&#8221; background_position=&#8221;top_left&#8221; background_repeat=&#8221;repeat&#8221;][et_pb_column type=&#8221;4_4&#8243; _builder_version=&#8221;3.25&#8243; custom_padding=&#8221;|||&#8221; custom_padding__hover=&#8221;|||&#8221;][et_pb_text admin_label=&#8221;Text&#8221; _builder_version=&#8221;4.6.5&#8243; background_size=&#8221;initial&#8221; background_position=&#8221;top_left&#8221; background_repeat=&#8221;repeat&#8221;] Alda eta Bizi elkarrekin atera dira euripean Baionako karriketara maiatzaren 1eko manifestazio tradizionalaren karietara.\u00a0Haien animazio eta antzerki ironikoekin, bi elkarteek eskaera seriosa egin dute: hots, \u201caberatsak zergapetzeko\u201d, horri esker justizia soziala eta eraldaketa ekologikoa diruztatu ahal izateko. [&hellip;]<\/p>\n","protected":false},"author":10,"featured_media":9319,"comment_status":"open","ping_status":"open","sticky":false,"template":"","format":"standard","meta":{"_et_pb_use_builder":"on","_et_pb_old_content":"<p>[et_pb_section fb_built=\"1\" admin_label=\"section\" _builder_version=\"3.22\"][et_pb_row admin_label=\"row\" _builder_version=\"4.6.5\" background_size=\"initial\" background_position=\"top_left\" background_repeat=\"repeat\"][et_pb_column type=\"4_4\" _builder_version=\"3.25\" custom_padding=\"|||\" custom_padding__hover=\"|||\"][et_pb_text admin_label=\"Text\" _builder_version=\"4.6.5\" background_size=\"initial\" background_position=\"top_left\" background_repeat=\"repeat\" hover_enabled=\"0\" sticky_enabled=\"0\"]<\/p><div dir=\"auto\"><p><b><i>Alda et Bizi ont d\u00e9fil\u00e9 ensemble sous une pluie battante \u00e0 Bayonne au sein de la traditionnelle manifestation du 1er Mai. <\/i><\/b><b><i><\/i><\/b><b><i><\/i><\/b><b><i>Avec leurs animations et mises en sc\u00e8ne d\u00e9cal\u00e9es, les deux associations appelaient tr\u00e8s s\u00e9rieusement \u00e0 \u201cTaxer les riches\u201d pour financer \u00e0 la fois la justice sociale et la m\u00e9tamorphose \u00e9cologique.<\/i><\/b><\/p><p><span style=\"font-weight: 400;\">\u201cTaxons les riches\u201d, c\u2019est avec ce mot d\u2019ordre qu\u2019un cort\u00e8ge festif, humoristique et d\u00e9termin\u00e9, organis\u00e9 par Bizi et Alda, s\u2019est \u00e9lanc\u00e9 dans les rues de Bayonne ce mercredi 1er mai 2024. Les pancartes brandies dans la foule d\u00e9clinaient cet appel : \u201cOui \u00e0 l'\u00c9tat social, oui \u00e0 la justice fiscale\u201d, \u201cTaxons les riches, finan\u00e7ons la m\u00e9tamorphose \u00e9cologique\u201d ou encore \u201cSoutenons les locataires, pas les actionnaires !\u201d.<\/span><\/p><p><span style=\"font-weight: 400;\">Une distribution de faux billets de 60 milliards d\u2019euros informait les passants des propositions concr\u00e8tes \u00e0 mettre en \u0153uvre :\u00a0 \u201c<\/span><i><span style=\"font-weight: 400;\">De l\u2019argent, il y en a ! Les 6 mesures propos\u00e9es par ATTAC (*) pourraient imm\u00e9diatement rapporter 60 milliards si ce gouvernement avait la volont\u00e9 de faire payer les plus riches, au lieu de s\u2019en prendre syst\u00e9matiquement aux classes moyennes et populaires.<\/span><\/i><span style=\"font-weight: 400;\">\u201d<\/span><\/p><p><span style=\"font-weight: 400;\">Un petit groupe n\u2019est pas pass\u00e9 inaper\u00e7u, arborant costumes chics et masques de Bollor\u00e9, Arnault, Pouyann\u00e9, Le Maire ou encore Bettencourt. Ils ont ainsi d\u00e9fil\u00e9 les poches pleines de (faux) billets avec les revendications \u201cLes actionnaires avec Bruno Le Maire\u201d, \u201cVive les premiers de cord\u00e9e\u201d, \u201cTravaillez plus pour nous faire gagner plus !\u201d, sous les regards amus\u00e9s des manifestants.<br \/><\/span><span style=\"font-weight: 400;\"><br \/><\/span><span style=\"font-weight: 400;\">Mais pour les organisations Alda et Bizi, il s\u2019agissait de mettre \u00e0 profit ce 1er mai pour faire passer un message tout \u00e0 fait s\u00e9rieux. <\/span><i><span style=\"font-weight: 400;\">\u201cAlors que les in\u00e9galit\u00e9s se creusent toujours davantage et que l\u2019inflation p\u00e8se sur le niveau de vie d\u2019une grande partie de la population, le gouvernement ampute les budgets qu\u2019il faudrait au contraire augmenter tels que ceux de la transition \u00e9cologique, de l\u2019isolation thermique des b\u00e2timents, de la production de logements sociaux, de la sant\u00e9 et de la solidarit\u00e9 sociale\u201d <\/span><\/i><span style=\"font-weight: 400;\">a ainsi rappel\u00e9 Ainize Butron, co-pr\u00e9sidente d\u2019Alda. Elouan Trichard, coordinateur de Bizi, d\u00e9non\u00e7ait quant \u00e0 lui : \u201c<\/span><i><span style=\"font-weight: 400;\">L'\u00c9tat laisse prosp\u00e9rer les plus riches et les grandes entreprises, et serre toujours plus la vis pour les classes moyennes et populaires. \u00c7a ne peut pas durer, il faut taxer les riches pour redistribuer et financer \u00e0 la fois la justice sociale et la m\u00e9tamorphose \u00e9cologique.\u201d<\/span><\/i><\/p><p><i><span style=\"font-weight: 400;\">(*) Imposer l\u2019ensemble des superprofits (10 \u00e0 20 milliards d\u2019euros de recettes), instaurer une taxation unitaire contre l\u2019\u00e9vasion fiscale (18 milliards d\u2019euros), restaurer un v\u00e9ritable imp\u00f4t sur la fortune (10 milliards d\u2019euros), mieux imposer la transmission des gros patrimoines (5 \u00e0 10 milliards d\u2019euros), revoir les niches, fiscales et sociales (15 \u00e0 20 milliards d\u2019euros), rendre la fiscalit\u00e9 plus progressive par une juste imposition des revenus financiers (environ 2 milliards d\u2019euros)<\/span><\/i><span style=\"font-weight: 400;\"><br \/><\/span><\/p><\/div><p>[\/et_pb_text][\/et_pb_column][\/et_pb_row][\/et_pb_section]<\/p>","_et_gb_content_width":""},"categories":[28,27,14],"tags":[],"_links":{"self":[{"href":"https:\/\/www.alda.eus\/eu\/wp-json\/wp\/v2\/posts\/9324"}],"collection":[{"href":"https:\/\/www.alda.eus\/eu\/wp-json\/wp\/v2\/posts"}],"about":[{"href":"https:\/\/www.alda.eus\/eu\/wp-json\/wp\/v2\/types\/post"}],"author":[{"embeddable":true,"href":"https:\/\/www.alda.eus\/eu\/wp-json\/wp\/v2\/users\/10"}],"replies":[{"embeddable":true,"href":"https:\/\/www.alda.eus\/eu\/wp-json\/wp\/v2\/comments?post=9324"}],"version-history":[{"count":6,"href":"https:\/\/www.alda.eus\/eu\/wp-json\/wp\/v2\/posts\/9324\/revisions"}],"predecessor-version":[{"id":9331,"href":"https:\/\/www.alda.eus\/eu\/wp-json\/wp\/v2\/posts\/9324\/revisions\/9331"}],"wp:featuredmedia":[{"embeddable":true,"href":"https:\/\/www.alda.eus\/eu\/wp-json\/wp\/v2\/media\/9319"}],"wp:attachment":[{"href":"https:\/\/www.alda.eus\/eu\/wp-json\/wp\/v2\/media?parent=9324"}],"wp:term":[{"taxonomy":"category","embeddable":true,"href":"https:\/\/www.alda.eus\/eu\/wp-json\/wp\/v2\/categories?post=9324"},{"taxonomy":"post_tag","embeddable":true,"href":"https:\/\/www.alda.eus\/eu\/wp-json\/wp\/v2\/tags?post=9324"}],"curies":[{"name":"wp","href":"https:\/\/api.w.org\/{rel}","templated":true}]}}