{"id":9269,"date":"2024-04-25T17:21:43","date_gmt":"2024-04-25T15:21:43","guid":{"rendered":"https:\/\/www.alda.eus\/?p=9269"},"modified":"2024-04-25T17:21:47","modified_gmt":"2024-04-25T15:21:47","slug":"bruno-le-maire-en-bigarren-etxebizitzaren-aitzinean-aberatsak-zergapetzea-galdatzen-dute-bizi-eta-aldak","status":"publish","type":"post","link":"https:\/\/www.alda.eus\/eu\/bruno-le-maire-en-bigarren-etxebizitzaren-aitzinean-aberatsak-zergapetzea-galdatzen-dute-bizi-eta-aldak\/","title":{"rendered":"Bruno Le Maire-en bigarren etxebizitzaren aitzinean aberatsak zergapetzea galdatzen dute Bizi eta Aldak"},"content":{"rendered":"<p>[et_pb_section fb_built=&#8221;1&#8243; admin_label=&#8221;section&#8221; _builder_version=&#8221;3.22&#8243;][et_pb_row admin_label=&#8221;row&#8221; _builder_version=&#8221;4.6.5&#8243; background_size=&#8221;initial&#8221; background_position=&#8221;top_left&#8221; background_repeat=&#8221;repeat&#8221;][et_pb_column type=&#8221;4_4&#8243; _builder_version=&#8221;3.25&#8243; custom_padding=&#8221;|||&#8221; custom_padding__hover=&#8221;|||&#8221;][et_pb_text admin_label=&#8221;Text&#8221; _builder_version=&#8221;4.6.5&#8243; background_size=&#8221;initial&#8221; background_position=&#8221;top_left&#8221; background_repeat=&#8221;repeat&#8221; hover_enabled=&#8221;0&#8243; sticky_enabled=&#8221;0&#8243;]<\/p>\n<div dir=\"auto\">\n<p><em><strong>Bizi! eta Aldako 15 militantek ekintza sinboliko bat burutu dute Bruno Le Maire-en bigarren etxearen aitzinean, Senperen. Ekonomia eta Finantza ministroak iragarri atzerapauso sozial berriak \u00a0eta azken honek \u201congizate Estatua\u201d desegiteko adierazi duen nahia salatu dituzte. Aberatsak zergapetzeko deia egin dute, eta maiatzaren 1ean, asteazkenarekin, Baionan. lelo horren gibeletik saldoan \u00a0manifestatzeko deia ere.<\/strong><\/em><\/p>\n<p>Egun, apirilaren 25an, Bizi! eta Aldako 15 militante sartu dira ekonomia eta finantza ministroaren \u00a0Senpereko bigarren egoitzaren aitzinean. \u201cAberatsak orain zergapetu!\u201d edo \u201cKlima, justizia soziala, dirudunak zergapetu!\u201d aldarrikatzen zuten pankartak zabalduz, bi euskal mugimenduek egungo gobernuaren politika bidegabea gaitzetsi dute, eta diru ugari dagoen lekura doan fiskalitatea eskatu dute, aberatsengana.<\/p>\n<p>\u201c<em>Gobernuaren eta Bercyren politikak aitzinkontuen egungo defizitak nahitara areagotzen ditu: dirudunei eta CAC 40ko enpresa handiei behar den bezala zergapetzeari uko eginez, enpresa handi horiei tira-ahala dirulaguntza publikoak banatuz, neholako ordain sozial edo ekologikorik gabe, zerga ihesari begiak hetsiz, Estatua beharrezko diru sarrerarik gabe uzten du, eta gero defizitak larriagotzen direnean asaldatzen hasten dira eta orduan behartsuenei are gehiago sosa hartzea eta haien eskubide sozialak murriztea justifikatzen dute<\/em>\u201c, azaldu du Oihana Driolletek Biziko bozeramaileak. \u201c<em>Horrela, desberdintasunak are gehiago handitzen dira, eta Gobernuak emendatu beharko liratekeen aitzinkontuak murrizten ditu, hala nola trantsizio ekologikoa, eraikinen isolamendu termikoa, etxebizitza sozialen ekoizpena, osasuna eta elkartasun soziala<\/em>\u201c.<\/p>\n<p>Mugimenduko militanteek tokiak utzi dituzte maiatzaren 1ean, asteazkenarekin, 11:00etan Baionan manifestaziorako deia zabaldu eta gero. \u00ab<em>Aspertuak gira gobernu honek gure auzoak, izan daitezen langabetuak, etorkinak, funtzionarioak, etab. gure gaitz guzien jatorri gisa aurkeztea, jakinez zonbaitzu gure bizkar asetzen direla eta berdinek, sozial, ingurumen, klima eta mota orotako krisiei buru egiteko \u00a0mobilizazio esfortzurik ez dutela egiten<\/em>\u00bb. adierazi du Xebax Christyk, Aldako bozeramaileak ondokoa zehaztuz \u201c<em>Bada garaia berriz ofentsibara pasatzeko eta eztabaida publikoan eta erabakitzaileen agendan justizia eta elkartasuna ezartzeko. Gure bi mugimenduek dei egiten diete beren kide eta jarraitzaile guziei maiatzaren 1ean azkarki mobilizatzeko eta 11:00etan topatzeko, geltoki aldean den San-Izpiritu zubiaren puntan, jende-lerro animatu eta deliberatu baten osatzeko lelo argi eta zehatz baten gibeletik: ABERATSAK ZERGAPETU!<\/em>\u201d.<\/p>\n<p>&nbsp;<\/p>\n<\/div>\n<p>[\/et_pb_text][\/et_pb_column][\/et_pb_row][\/et_pb_section]<\/p>\n","protected":false},"excerpt":{"rendered":"<p>[et_pb_section fb_built=&#8221;1&#8243; admin_label=&#8221;section&#8221; _builder_version=&#8221;3.22&#8243;][et_pb_row admin_label=&#8221;row&#8221; _builder_version=&#8221;4.6.5&#8243; background_size=&#8221;initial&#8221; background_position=&#8221;top_left&#8221; background_repeat=&#8221;repeat&#8221;][et_pb_column type=&#8221;4_4&#8243; _builder_version=&#8221;3.25&#8243; custom_padding=&#8221;|||&#8221; custom_padding__hover=&#8221;|||&#8221;][et_pb_text admin_label=&#8221;Text&#8221; _builder_version=&#8221;4.6.5&#8243; background_size=&#8221;initial&#8221; background_position=&#8221;top_left&#8221; background_repeat=&#8221;repeat&#8221; hover_enabled=&#8221;0&#8243; sticky_enabled=&#8221;0&#8243;] Bizi! eta Aldako 15 militantek ekintza sinboliko bat burutu dute Bruno Le Maire-en bigarren etxearen aitzinean, Senperen. Ekonomia eta Finantza ministroak iragarri atzerapauso sozial berriak \u00a0eta azken honek \u201congizate Estatua\u201d desegiteko adierazi duen nahia salatu [&hellip;]<\/p>\n","protected":false},"author":10,"featured_media":9552,"comment_status":"open","ping_status":"open","sticky":false,"template":"","format":"standard","meta":{"_et_pb_use_builder":"on","_et_pb_old_content":"<p>[et_pb_section fb_built=\"1\" admin_label=\"section\" _builder_version=\"3.22\"][et_pb_row admin_label=\"row\" _builder_version=\"4.6.5\" background_size=\"initial\" background_position=\"top_left\" background_repeat=\"repeat\"][et_pb_column type=\"4_4\" _builder_version=\"3.25\" custom_padding=\"|||\" custom_padding__hover=\"|||\"][et_pb_text admin_label=\"Text\" _builder_version=\"4.6.5\" background_size=\"initial\" background_position=\"top_left\" background_repeat=\"repeat\"]<\/p><div dir=\"auto\"><p><em><strong>Ce 25 avril \u00e0 13h, 15 militant\u00b7es de Bizi et Alda ont r\u00e9alis\u00e9 une action symbolique devant la r\u00e9sidence secondaire de Bruno Le Maire, \u00e0 Saint P\u00e9e sur Nivelle au Pays Basque. Ils ont d\u00e9nonc\u00e9 les nouveaux reculs sociaux annonc\u00e9s par le ministre de l\u2019\u00e9conomie et des finances, et sa volont\u00e9 affich\u00e9e de d\u00e9manteler \u201cl\u2019Etat providence\u201d. Ils ont appel\u00e9 \u00e0 taxer les riches, et \u00e0 manifester en masse derri\u00e8re ce mot d\u2019ordre <a href=\"https:\/\/www.alda.eus\/alda-et-bizi-appellent-a-manifester-le-1er-mai\/\">le mercredi 1er mai \u00e0 Bayonne.<\/a><\/strong><\/em><\/p><p>Ce 25 avril \u00e0 13h, 15 militant.es de Bizi et d\u2019Alda ont fait irruption devant la r\u00e9sidence secondaire du ministre de l\u2019\u00e9conomie et des finances dans la commune du Pays Basque de Saint P\u00e9e sur Nivelle. D\u00e9ployant des banderoles proclamant \u201cTaxons les riches maintenant !\u201d ou \u201cClimat, justice sociale, taxons les riches !\u201d, les 2 mouvements basques ont fustig\u00e9 la politique injuste de l\u2019actuel gouvernement et revendiqu\u00e9 une fiscalit\u00e9 qui aille chercher l\u2019argent l\u00e0 o\u00f9 il abonde, chez les riches.<\/p><div class=\"wp-block-image\"><p>\u201c<em>Les d\u00e9ficits budg\u00e9taires actuels sont d\u00e9lib\u00e9r\u00e9ment creus\u00e9s par la politique du gouvernement et de Bercy : en refusant d\u2019imposer comme il se doit les plus riches et les grandes entreprises du CAC 40, en distribuant \u00e0 tout va des subventions publiques sans aucune contrepartie sociale ou \u00e9cologique \u00e0 ces m\u00eames grandes entreprises, en fermant les yeux sur l\u2019\u00e9vasion fiscale, ils privent l\u2019Etat des recettes n\u00e9cessaires, puis crient au loup quand les d\u00e9ficits s\u2019aggravent et justifient alors de ponctionner encore plus les plus pauvres, et de r\u00e9duire leurs droits sociaux<\/em>\u201d explique Oihana Driollet, porte-parole de Bizi. \u201c<em>Ainsi, les in\u00e9galit\u00e9s se creusent encore davantage, et le gouvernement ampute les budgets qu\u2019il faudrait au contraire augmenter tels que ceux de la transition \u00e9cologique, de l\u2019isolation thermique des b\u00e2timents, de la production de logements sociaux, de la sant\u00e9 et de la solidarit\u00e9 sociale<\/em>\u201d.<\/p><p>Les militant.es du mouvement ont quitt\u00e9 les lieux apr\u00e8s avoir lanc\u00e9 un appel \u00e0 manifester <a href=\"https:\/\/www.alda.eus\/alda-et-bizi-appellent-a-manifester-le-1er-mai\/\">le mercredi 1er mai \u00e0 11H00 \u00e0 Bayonne<\/a>. \u201c<em>Nous en avons plus qu\u2019assez que ce gouvernement nous invite \u00e0 voir en nos voisins, qu\u2019ils soient ch\u00f4meurs, migrants, fonctionnaires, etc. la cause de tous nos maux alors que certains se gavent sur notre dos \u00e0 toutes et \u00e0 tous, et qu\u2019ils \u00e9chappent \u00e0 l\u2019effort de mobilisation g\u00e9n\u00e9rale face aux crises sociales, environnementales, climatiques en tout genre<\/em>.\u201d d\u00e9clare Xebax Christy, porte-parole d\u2019Alda, qui pr\u00e9cise \u201c<em>Il est temps de repartir \u00e0 l\u2019offensive et d\u2019imposer la justice et la solidarit\u00e9 dans le d\u00e9bat public et l\u2019agenda des d\u00e9cideurs. Nos deux mouvements appellent tous leurs membres et sympathisants \u00e0 se mobiliser fortement en ce 1er mai et \u00e0 se retrouver \u00e0 11H00 au bout du Pont Saint-Esprit c\u00f4t\u00e9 gare pour un cort\u00e8ge anim\u00e9 et d\u00e9termin\u00e9, derri\u00e8re un mot d\u2019ordre clair et concis : TAXONS LES RICHES !<\/em>\u201d.<\/p><\/div><\/div><p>[\/et_pb_text][\/et_pb_column][\/et_pb_row][\/et_pb_section]<\/p>","_et_gb_content_width":""},"categories":[28,27,14],"tags":[],"_links":{"self":[{"href":"https:\/\/www.alda.eus\/eu\/wp-json\/wp\/v2\/posts\/9269"}],"collection":[{"href":"https:\/\/www.alda.eus\/eu\/wp-json\/wp\/v2\/posts"}],"about":[{"href":"https:\/\/www.alda.eus\/eu\/wp-json\/wp\/v2\/types\/post"}],"author":[{"embeddable":true,"href":"https:\/\/www.alda.eus\/eu\/wp-json\/wp\/v2\/users\/10"}],"replies":[{"embeddable":true,"href":"https:\/\/www.alda.eus\/eu\/wp-json\/wp\/v2\/comments?post=9269"}],"version-history":[{"count":6,"href":"https:\/\/www.alda.eus\/eu\/wp-json\/wp\/v2\/posts\/9269\/revisions"}],"predecessor-version":[{"id":9276,"href":"https:\/\/www.alda.eus\/eu\/wp-json\/wp\/v2\/posts\/9269\/revisions\/9276"}],"wp:featuredmedia":[{"embeddable":true,"href":"https:\/\/www.alda.eus\/eu\/wp-json\/wp\/v2\/media\/9552"}],"wp:attachment":[{"href":"https:\/\/www.alda.eus\/eu\/wp-json\/wp\/v2\/media?parent=9269"}],"wp:term":[{"taxonomy":"category","embeddable":true,"href":"https:\/\/www.alda.eus\/eu\/wp-json\/wp\/v2\/categories?post=9269"},{"taxonomy":"post_tag","embeddable":true,"href":"https:\/\/www.alda.eus\/eu\/wp-json\/wp\/v2\/tags?post=9269"}],"curies":[{"name":"wp","href":"https:\/\/api.w.org\/{rel}","templated":true}]}}