{"id":7305,"date":"2023-10-02T09:51:19","date_gmt":"2023-10-02T07:51:19","guid":{"rendered":"https:\/\/www.alda.eus\/?p=7305"},"modified":"2023-10-02T09:51:24","modified_gmt":"2023-10-02T07:51:24","slug":"zortzi-taldearen-bideoklipa-higiezinen-espekulazioaren-gaiari-buruz","status":"publish","type":"post","link":"https:\/\/www.alda.eus\/eu\/zortzi-taldearen-bideoklipa-higiezinen-espekulazioaren-gaiari-buruz\/","title":{"rendered":"Zortzi taldearen bideoklipa&#8230; higiezinen espekulazioaren gaiari buruz."},"content":{"rendered":"<p>[et_pb_section fb_built=&#8221;1&#8243; admin_label=&#8221;section&#8221; _builder_version=&#8221;3.22&#8243;][et_pb_row admin_label=&#8221;row&#8221; _builder_version=&#8221;3.25&#8243; background_size=&#8221;initial&#8221; background_position=&#8221;top_left&#8221; background_repeat=&#8221;repeat&#8221;][et_pb_column type=&#8221;4_4&#8243; _builder_version=&#8221;3.25&#8243; custom_padding=&#8221;|||&#8221; custom_padding__hover=&#8221;|||&#8221;][et_pb_text admin_label=&#8221;Text&#8221; _builder_version=&#8221;4.6.5&#8243; background_size=&#8221;initial&#8221; background_position=&#8221;top_left&#8221; background_repeat=&#8221;repeat&#8221; hover_enabled=&#8221;0&#8243; sticky_enabled=&#8221;0&#8243;]<\/p>\n<div class=\"xdj266r x11i5rnm xat24cr x1mh8g0r x1vvkbs x126k92a\">\n<div dir=\"auto\">\n<div class=\"x11i5rnm xat24cr x1mh8g0r x1vvkbs xtlvy1s x126k92a\">\n<p dir=\"auto\"><a class=\"x1i10hfl xjbqb8w x6umtig x1b1mbwd xaqea5y xav7gou x9f619 x1ypdohk xt0psk2 xe8uvvx xdj266r x11i5rnm xat24cr x1mh8g0r xexx8yu x4uap5 x18d9i69 xkhd6sd x16tdsg8 x1hl2dhg xggy1nq x1a2a7pz xt0b8zv x1qq9wsj xo1l8bm\" tabindex=\"0\" role=\"link\" href=\"https:\/\/www.facebook.com\/zortzimusiquebasquechansonstaldea?__cft__[0]=AZXdSzy7HFiDHd7iz7dQBe4qlzIPJPujncld08i_Mn217Hmm86swMTxfK-OMNAVvp9B3z3hkuNgGDdWZQU_2kemXfdZ7EIDLC-IkugIme9YrRfOqgVj7UX2jvw0ixYvmF36mwVtOxiVREHleQB_Wg4oPoscSGSXx8usOgRF8m4CRfov5LYiHKKVofaBb2DlX4f8&amp;__tn__=-]K-R\"><span class=\"xt0psk2\">Zortzi<\/span><\/a> taldeak \u201cHaizea Nuen\u201d azken bideoklipean agertzea galdatu die Aldako zonbait laguntzailei. Higiezinen espekulazioa jorratzen duen kantua, arrailerian bezala&#8230; seriotasun kutsuak zeharkatua.<\/p>\n<p dir=\"auto\">\n<\/div>\n<p dir=\"auto\">Mundu justuago eta solidarioago bat eraikitzeko engaiamendu eta borroka, elkarte militantziatik pasa daiteke, baina ez hortarik bakarrik&#8230; Musika, eta, oro har, artea ere, molde onak dira arazoak eta injustiziak salatzeko, gure aldarrikapenak agertzeko eta gure bozak entzunarazteko!<\/p>\n<p dir=\"auto\">\n<\/div>\n<\/div>\n<p dir=\"auto\">\n<div class=\"xdj266r x11i5rnm xat24cr x1mh8g0r x1vvkbs x126k92a\">\n<p dir=\"auto\">Herrian bizi nahi dugu! Milesker Zortzi!<\/p>\n<p dir=\"auto\">\n<\/div>\n<div dir=\"auto\">\n<p><iframe loading=\"lazy\" title=\"ZORTZI : &quot;HAIZEA NUEN&quot;  (Klipa Ofiziala \/ Clip officiel) - Sept 2023.\" width=\"1080\" height=\"608\" src=\"https:\/\/www.youtube.com\/embed\/GlUXkOq_JHY?feature=oembed\" frameborder=\"0\" allow=\"accelerometer; autoplay; clipboard-write; encrypted-media; gyroscope; picture-in-picture; web-share\" allowfullscreen><\/iframe><\/p>\n<\/div>\n<div class=\"xdj266r x11i5rnm xat24cr x1mh8g0r x1vvkbs x126k92a\">\n<div dir=\"auto\">\n<div dir=\"auto\">\u00a0<\/div>\n<div class=\"x11i5rnm xat24cr x1mh8g0r x1vvkbs xtlvy1s x126k92a\">\n<p dir=\"auto\"><span class=\"x3nfvp2 x1j61x8r x1fcty0u xdj266r xhhsvwb xat24cr xgzva0m xxymvpz xlup9mm x1kky2od\"><img src=\"https:\/\/static.xx.fbcdn.net\/images\/emoji.php\/v9\/tf0\/2\/16\/1f449.png\" alt=\"\ud83d\udc49\" width=\"16\" height=\"16\" \/><\/span><span class=\"x3nfvp2 x1j61x8r x1fcty0u xdj266r xhhsvwb xat24cr xgzva0m xxymvpz xlup9mm x1kky2od\"><img src=\"https:\/\/static.xx.fbcdn.net\/images\/emoji.php\/v9\/t67\/2\/16\/1f440.png\" alt=\"\ud83d\udc40\" width=\"16\" height=\"16\" \/><\/span> <a class=\"x1i10hfl xjbqb8w x6umtig x1b1mbwd xaqea5y xav7gou x9f619 x1ypdohk xt0psk2 xe8uvvx xdj266r x11i5rnm xat24cr x1mh8g0r xexx8yu x4uap5 x18d9i69 xkhd6sd x16tdsg8 x1hl2dhg xggy1nq x1a2a7pz xt0b8zv x1fey0fg\" tabindex=\"0\" role=\"link\" href=\"https:\/\/www.zortzi.fr\/accueil?fbclid=IwAR3vtaTsF_pUTV4JIMkI2KNetKQnS5Z2b5ESEPXKGYVDOgA4bC-YoR-4VVc\" target=\"_blank\" rel=\"nofollow noopener noreferrer\">https:\/\/www.zortzi.fr\/accueil<\/a><\/p>\n<\/div>\n<\/div>\n<\/div>\n<div class=\"x11i5rnm xat24cr x1mh8g0r x1vvkbs xtlvy1s x126k92a\">\n<div dir=\"auto\">\u00a0<\/div>\n<\/div>\n<div class=\"x11i5rnm xat24cr x1mh8g0r x1vvkbs xtlvy1s x126k92a\">\u00a0<\/div>\n<p>[\/et_pb_text][et_pb_divider show_divider=&#8221;off&#8221; _builder_version=&#8221;4.6.5&#8243; _module_preset=&#8221;default&#8221;][\/et_pb_divider][\/et_pb_column][\/et_pb_row][\/et_pb_section]<\/p>\n","protected":false},"excerpt":{"rendered":"<p>[et_pb_section fb_built=&#8221;1&#8243; admin_label=&#8221;section&#8221; _builder_version=&#8221;3.22&#8243;][et_pb_row admin_label=&#8221;row&#8221; _builder_version=&#8221;3.25&#8243; background_size=&#8221;initial&#8221; background_position=&#8221;top_left&#8221; background_repeat=&#8221;repeat&#8221;][et_pb_column type=&#8221;4_4&#8243; _builder_version=&#8221;3.25&#8243; custom_padding=&#8221;|||&#8221; custom_padding__hover=&#8221;|||&#8221;][et_pb_text admin_label=&#8221;Text&#8221; _builder_version=&#8221;4.6.5&#8243; background_size=&#8221;initial&#8221; background_position=&#8221;top_left&#8221; background_repeat=&#8221;repeat&#8221; hover_enabled=&#8221;0&#8243; sticky_enabled=&#8221;0&#8243;] Zortzi taldeak \u201cHaizea Nuen\u201d azken bideoklipean agertzea galdatu die Aldako zonbait laguntzailei. Higiezinen espekulazioa jorratzen duen kantua, arrailerian bezala&#8230; seriotasun kutsuak zeharkatua. Mundu justuago eta solidarioago bat eraikitzeko engaiamendu eta borroka, elkarte militantziatik pasa daiteke, [&hellip;]<\/p>\n","protected":false},"author":10,"featured_media":7291,"comment_status":"open","ping_status":"open","sticky":false,"template":"","format":"standard","meta":{"_et_pb_use_builder":"on","_et_pb_old_content":"<p>[et_pb_section fb_built=\"1\" admin_label=\"section\" _builder_version=\"3.22\"][et_pb_row admin_label=\"row\" _builder_version=\"3.25\" background_size=\"initial\" background_position=\"top_left\" background_repeat=\"repeat\"][et_pb_column type=\"4_4\" _builder_version=\"3.25\" custom_padding=\"|||\" custom_padding__hover=\"|||\"][et_pb_text admin_label=\"Text\" _builder_version=\"4.6.5\" background_size=\"initial\" background_position=\"top_left\" background_repeat=\"repeat\"]<\/p><div class=\"xdj266r x11i5rnm xat24cr x1mh8g0r x1vvkbs x126k92a\"><div dir=\"auto\"><p>Le groupe <a class=\"x1i10hfl xjbqb8w x6umtig x1b1mbwd xaqea5y xav7gou x9f619 x1ypdohk xt0psk2 xe8uvvx xdj266r x11i5rnm xat24cr x1mh8g0r xexx8yu x4uap5 x18d9i69 xkhd6sd x16tdsg8 x1hl2dhg xggy1nq x1a2a7pz xt0b8zv x1qq9wsj xo1l8bm\" tabindex=\"0\" role=\"link\" href=\"https:\/\/www.facebook.com\/zortzimusiquebasquechansonstaldea?__cft__[0]=AZXdSzy7HFiDHd7iz7dQBe4qlzIPJPujncld08i_Mn217Hmm86swMTxfK-OMNAVvp9B3z3hkuNgGDdWZQU_2kemXfdZ7EIDLC-IkugIme9YrRfOqgVj7UX2jvw0ixYvmF36mwVtOxiVREHleQB_Wg4oPoscSGSXx8usOgRF8m4CRfov5LYiHKKVofaBb2DlX4f8&__tn__=-]K-R\"><span class=\"xt0psk2\">Zortzi<\/span><\/a> a propos\u00e9 \u00e0 des b\u00e9n\u00e9voles d\u2019Alda de figurer dans leur dernier clip \u201cHaizea Nuen\u201d. Une chanson qui traite de la sp\u00e9culation immobili\u00e8re, sur le ton de la d\u00e9rision\u2026 un soup\u00e7on de gravit\u00e9 en coin.<\/p><p>L\u2019engagement et la lutte pour construire un monde plus juste et solidaire peuvent passer par le militantisme associatif, mais pas que\u2026 La musique, et l\u2019art en g\u00e9n\u00e9ral, sont aussi un bon moyen pour d\u00e9noncer les probl\u00e8mes et les injustices, porter nos revendications et faire entendre nos voix !<\/p><\/div><\/div><div class=\"x11i5rnm xat24cr x1mh8g0r x1vvkbs xtlvy1s x126k92a\"><div dir=\"auto\"><p>Herrian bizi nahi dugu! Milesker Zortzi!<\/p><p>\u00a0<\/p><p>https:\/\/www.youtube.com\/watch?v=GlUXkOq_JHY<\/p><\/div><\/div><div class=\"x11i5rnm xat24cr x1mh8g0r x1vvkbs xtlvy1s x126k92a\"><div dir=\"auto\"><span class=\"x3nfvp2 x1j61x8r x1fcty0u xdj266r xhhsvwb xat24cr xgzva0m xxymvpz xlup9mm x1kky2od\"><img src=\"https:\/\/static.xx.fbcdn.net\/images\/emoji.php\/v9\/tf0\/2\/16\/1f449.png\" alt=\"\ud83d\udc49\" width=\"16\" height=\"16\" \/><\/span><span class=\"x3nfvp2 x1j61x8r x1fcty0u xdj266r xhhsvwb xat24cr xgzva0m xxymvpz xlup9mm x1kky2od\"><img src=\"https:\/\/static.xx.fbcdn.net\/images\/emoji.php\/v9\/t67\/2\/16\/1f440.png\" alt=\"\ud83d\udc40\" width=\"16\" height=\"16\" \/><\/span> <a class=\"x1i10hfl xjbqb8w x6umtig x1b1mbwd xaqea5y xav7gou x9f619 x1ypdohk xt0psk2 xe8uvvx xdj266r x11i5rnm xat24cr x1mh8g0r xexx8yu x4uap5 x18d9i69 xkhd6sd x16tdsg8 x1hl2dhg xggy1nq x1a2a7pz xt0b8zv x1fey0fg\" tabindex=\"0\" role=\"link\" href=\"https:\/\/www.zortzi.fr\/accueil?fbclid=IwAR3A7gorKBClzsg8lFckISKT_dNUMSt2ABwJ0L3eE4l06ayeC6KhxeubmIY\" target=\"_blank\" rel=\"nofollow noopener noreferrer\">https:\/\/www.zortzi.fr\/accueil<\/a><\/div><\/div><div class=\"xdj266r x11i5rnm xat24cr x1mh8g0r x1vvkbs x126k92a\"><div dir=\"auto\">\u00a0<\/div><\/div><div class=\"x11i5rnm xat24cr x1mh8g0r x1vvkbs xtlvy1s x126k92a\"><div dir=\"auto\">\u00a0<\/div><\/div><div class=\"x11i5rnm xat24cr x1mh8g0r x1vvkbs xtlvy1s x126k92a\">\u00a0<\/div><p>[\/et_pb_text][et_pb_divider show_divider=\"off\" _builder_version=\"4.6.5\" _module_preset=\"default\"][\/et_pb_divider][\/et_pb_column][\/et_pb_row][\/et_pb_section]<\/p>","_et_gb_content_width":""},"categories":[28,14],"tags":[],"_links":{"self":[{"href":"https:\/\/www.alda.eus\/eu\/wp-json\/wp\/v2\/posts\/7305"}],"collection":[{"href":"https:\/\/www.alda.eus\/eu\/wp-json\/wp\/v2\/posts"}],"about":[{"href":"https:\/\/www.alda.eus\/eu\/wp-json\/wp\/v2\/types\/post"}],"author":[{"embeddable":true,"href":"https:\/\/www.alda.eus\/eu\/wp-json\/wp\/v2\/users\/10"}],"replies":[{"embeddable":true,"href":"https:\/\/www.alda.eus\/eu\/wp-json\/wp\/v2\/comments?post=7305"}],"version-history":[{"count":10,"href":"https:\/\/www.alda.eus\/eu\/wp-json\/wp\/v2\/posts\/7305\/revisions"}],"predecessor-version":[{"id":7317,"href":"https:\/\/www.alda.eus\/eu\/wp-json\/wp\/v2\/posts\/7305\/revisions\/7317"}],"wp:featuredmedia":[{"embeddable":true,"href":"https:\/\/www.alda.eus\/eu\/wp-json\/wp\/v2\/media\/7291"}],"wp:attachment":[{"href":"https:\/\/www.alda.eus\/eu\/wp-json\/wp\/v2\/media?parent=7305"}],"wp:term":[{"taxonomy":"category","embeddable":true,"href":"https:\/\/www.alda.eus\/eu\/wp-json\/wp\/v2\/categories?post=7305"},{"taxonomy":"post_tag","embeddable":true,"href":"https:\/\/www.alda.eus\/eu\/wp-json\/wp\/v2\/tags?post=7305"}],"curies":[{"name":"wp","href":"https:\/\/api.w.org\/{rel}","templated":true}]}}