{"id":687,"date":"2020-10-12T10:50:03","date_gmt":"2020-10-12T08:50:03","guid":{"rendered":"http:\/\/www.alda.eus\/?p=687"},"modified":"2020-10-12T11:33:23","modified_gmt":"2020-10-12T09:33:23","slug":"alda-jendarte-herrikoien-defentsarako-mugimenduaren-sortzea","status":"publish","type":"post","link":"https:\/\/www.alda.eus\/eu\/alda-jendarte-herrikoien-defentsarako-mugimenduaren-sortzea\/","title":{"rendered":"Alda, jendarte herrikoien defentsarako mugimenduaren sortzea"},"content":{"rendered":"<p>[et_pb_section fb_built=&#8221;1&#8243; _builder_version=&#8221;4.6.5&#8243; _module_preset=&#8221;default&#8221;][et_pb_row column_structure=&#8221;1_5,3_5,1_5&#8243; _builder_version=&#8221;4.6.5&#8243; _module_preset=&#8221;default&#8221; hover_enabled=&#8221;0&#8243; sticky_enabled=&#8221;0&#8243;][et_pb_column type=&#8221;1_5&#8243; _builder_version=&#8221;4.6.5&#8243; _module_preset=&#8221;default&#8221;][\/et_pb_column][et_pb_column type=&#8221;3_5&#8243; _builder_version=&#8221;4.6.5&#8243; _module_preset=&#8221;default&#8221;][et_pb_text _builder_version=&#8221;4.6.5&#8243; _module_preset=&#8221;default&#8221; hover_enabled=&#8221;0&#8243; sticky_enabled=&#8221;0&#8243;]<\/p>\n<h1><b>Alda, jendarte herrikoien defentsarako mugimenduaren sortzea. <\/b><\/h1>\n<p><b>Baionan, 2020ko urriaren 10ean &#8211; Hastapen eguna gaur, Ipar Euskal Herriko jendarte eta auzo herrikoien eskubide eta funtsezko beharren defentsa helburutzat duen Alda mugimendu berriarentzat. Lehenik hunkituak direnekin eta direnetaz eraikia, mugimendu horrek haien antolaketa kolektiboa ahalbidetuko du, lan mundutik kanpo jasaiten diren injustiziei, beren bizi ingurune eta eguneroko ingurumenean, aurre egiteko.\u00a0\u00a0<\/b><\/p>\n<p><span style=\"font-weight: 400;\">Alda mugimendu berria sortu da, arratsalde honetan, Baionako Zizpa Gaztetxean iragan den Biltzar Nagusi sortzailearen karietara. Hara euskal erakunde berri honek bere buruari emaiten dizkion helburuak: jendarte eta auzo herrikoietako eskubide eta beharren defentsa, boterea berriz emaitea eta beren boza entzunaraztea. Elkarteak bere Estatutuak onartu ditu, ahobatez baieztatuak izan direlarik, Itun sortzaile bat ere onartu du, eta bere lehen Administrazio Kontseilua bozkatu du bi ko-lehendakariekin batera. Lehen 48 kideen presentzian, ber maneran plantan eman ditu bere lehen lan ildo zehatzak.\u00a0<\/span><\/p>\n<p><span style=\"font-weight: 400;\">\u201cAldaren sortzea konstatazio baten ondorioa da: goitituz doan jendetzaren parte baten baitan, prekaritatea handituz doa, eta egoera hori txartzen ari da zeren jendarte horiek gero eta gehiago deskonektatuak dira egitura kolektiboetaz eta usaiako erakundeetaz. Konstatazio hori behar bat bilakatu da: lurralde zuzenago eta iraunkorrago baten eraikitzeko, baitezpadakoa da jendarte herrikoietako pertsonei boterea berriz emaitea, eta haien boza entzunaraztea<\/span><i><span style=\"font-weight: 400;\">.<\/span><\/i><span style=\"font-weight: 400;\">\u201d esplikatzen du Xebax Christy-(e)k, Aldaren ko-lehendakariak.\u00a0<\/span><\/p>\n<p><span style=\"font-weight: 400;\">Perspektiba horretan, Aldak nahi ditu jendeen bizi baldintza materialak hobetu beren eguneroko bizi ingurunean (etxebizitzan, auzoan, lanarendako sarbideetan, garraioetan, eskoletan, administrazioan, banku eta zerbitzuetan, kontsumoan, osagarrian, ingurumenean, etab.), baina ere onarpena eta errespetua berreskuratu, jendarte egitura eta elkartasun aktiboak berreraiki, proiektu kultural herrikoi bat gorpuztu, jende horiei egiazko toki baten emaiteko tokiko bizi demokratikoan, bai eta maila globalekoan, eta euskal jendartean. Alda elkartea alderdi eta politiko eta botere publiko orotarik independentea da, eta bere kideen norbanako urtesarien gainean kondatuko du.\u00a0<\/span><\/p>\n<p><span style=\"font-weight: 400;\">Lehen ekintza zehatza: \u201cEta aldatzen balitz?\u201d izeneko iritzi inkesta zabal baten abiaraztea, Baionako 16 auzotan, astelehena, urriaren 12tik goiti. Hainbat hilabetez, Aldaren laguntzaileek auzo horietako herritarren iritzien biltzeko xedea dute.\u00a0\u00a0<\/span><\/p>\n<p><i><span style=\"font-weight: 400;\">\u201cAldaren desmartxa, jendeen beharretarik abiatzen da. Lehenik eta hasteko, helburua, haien entzutea da, topatzen diren zailtasunen eta beren bizi baldintzei buruz duten begiradaren bai eta ere haien gogo eta xedeen ulertzea. Gaur gomitatzen ditugu Alda proiektuarekin bat egiten duten guziak gurekin etortzerat: inkestaren gauzatzean parte hartzeko, Alda, auzoetako aldizkariaren idaztean eta banatzean parte hartzeko, halako edo holako arazo zehatz bati, injustizia edo behar kolektibo bati, etab. aurre egiteko antolatzeko.\u201d <\/span><\/i><span style=\"font-weight: 400;\">bururatzen du Malika Peyraut, Alda-ren ko-lehendakariak.\u00a0\u00a0<\/span><\/p>\n<p><span style=\"font-weight: 400;\">Aldaren Biltzar Nagusi Sortzailean onartuak izan diren<\/span><a href=\"https:\/\/drive.google.com\/file\/d\/1hLE_5_4QouPIZyxtPoCam6RV070n7ZrP\/view?usp=sharing\"><span style=\"font-weight: 400;\"> Estatutuak <\/span><\/a><span style=\"font-weight: 400;\">eta <\/span><a href=\"https:\/\/drive.google.com\/file\/d\/1hLE_5_4QouPIZyxtPoCam6RV070n7ZrP\/view?usp=sharing\"><span style=\"font-weight: 400;\">Ituna\u00a0<\/span><\/a><\/p>\n<p><a href=\"https:\/\/drive.google.com\/file\/d\/1hLE_5_4QouPIZyxtPoCam6RV070n7ZrP\/view?usp=sharing\"><span style=\"font-weight: 400;\">Libreki erabiltzeko behar eskubide guziekin diren argazkiak hemen eskuragarri<\/span><\/a><\/p>\n<p><span style=\"font-weight: 400;\">\u00a0<\/span><\/p>\n<p>[\/et_pb_text][\/et_pb_column][et_pb_column type=&#8221;1_5&#8243; _builder_version=&#8221;4.6.5&#8243; _module_preset=&#8221;default&#8221;][\/et_pb_column][\/et_pb_row][et_pb_row column_structure=&#8221;1_2,1_2&#8243; _builder_version=&#8221;4.6.5&#8243; _module_preset=&#8221;default&#8221;][et_pb_column type=&#8221;1_2&#8243; _builder_version=&#8221;4.6.5&#8243; _module_preset=&#8221;default&#8221;][et_pb_image src=&#8221;http:\/\/www.alda.eus\/wp-content\/uploads\/2020\/10\/2-Cre\u0301dits-Re\u0301mi-Rivie\u0300re-scaled.jpg&#8221; title_text=&#8221;2-Cre\u0301dits Re\u0301mi Rivie\u0300re&#8221; _builder_version=&#8221;4.6.5&#8243; _module_preset=&#8221;default&#8221;][\/et_pb_image][\/et_pb_column][et_pb_column type=&#8221;1_2&#8243; _builder_version=&#8221;4.6.5&#8243; _module_preset=&#8221;default&#8221;][et_pb_image src=&#8221;http:\/\/www.alda.eus\/wp-content\/uploads\/2020\/10\/5-Cre\u0301dits-Re\u0301mi-Rivie\u0300re-scaled.jpg&#8221; title_text=&#8221;5 &#8211; Cre\u0301dits Re\u0301mi Rivie\u0300re&#8221; _builder_version=&#8221;4.6.5&#8243; _module_preset=&#8221;default&#8221;][\/et_pb_image][\/et_pb_column][\/et_pb_row][\/et_pb_section]<\/p>\n","protected":false},"excerpt":{"rendered":"<p>[et_pb_section fb_built=&#8221;1&#8243; _builder_version=&#8221;4.6.5&#8243; _module_preset=&#8221;default&#8221;][et_pb_row column_structure=&#8221;1_5,3_5,1_5&#8243; _builder_version=&#8221;4.6.5&#8243; _module_preset=&#8221;default&#8221; hover_enabled=&#8221;0&#8243; sticky_enabled=&#8221;0&#8243;][et_pb_column type=&#8221;1_5&#8243; _builder_version=&#8221;4.6.5&#8243; _module_preset=&#8221;default&#8221;][\/et_pb_column][et_pb_column type=&#8221;3_5&#8243; _builder_version=&#8221;4.6.5&#8243; _module_preset=&#8221;default&#8221;][et_pb_text _builder_version=&#8221;4.6.5&#8243; _module_preset=&#8221;default&#8221; hover_enabled=&#8221;0&#8243; sticky_enabled=&#8221;0&#8243;] Alda, jendarte herrikoien defentsarako mugimenduaren sortzea. Baionan, 2020ko urriaren 10ean &#8211; Hastapen eguna gaur, Ipar Euskal Herriko jendarte eta auzo herrikoien eskubide eta funtsezko beharren defentsa helburutzat duen Alda mugimendu berriarentzat. Lehenik hunkituak direnekin eta direnetaz [&hellip;]<\/p>\n","protected":false},"author":1,"featured_media":676,"comment_status":"open","ping_status":"open","sticky":false,"template":"","format":"standard","meta":{"_et_pb_use_builder":"on","_et_pb_old_content":"<p>[et_pb_section fb_built=\"1\" _builder_version=\"4.6.5\" _module_preset=\"default\"][et_pb_row column_structure=\"1_5,3_5,1_5\" _builder_version=\"4.6.5\" _module_preset=\"default\"][et_pb_column type=\"1_5\" _builder_version=\"4.6.5\" _module_preset=\"default\"][\/et_pb_column][et_pb_column type=\"3_5\" _builder_version=\"4.6.5\" _module_preset=\"default\"][et_pb_text _builder_version=\"4.6.5\" _module_preset=\"default\"]<\/p><h1><b>L\u2019Assembl\u00e9e G\u00e9n\u00e9rale fondatrice lance le coup d\u2019envoi d\u2019Alda !\u00a0<\/b><\/h1><p><b>Bayonne, le 10 octobre 2020 -\u00a0 Coup d\u2019envoi aujourd\u2019hui pour le nouveau mouvement Alda, dont l\u2019objectif est de d\u00e9fendre les droits et les besoins fondamentaux des milieux et des quartiers populaires en Pays Basque nord. B\u00e2ti avec et par les premiers concern\u00e9s, ce mouvement permettra leur organisation collective pour s\u2019attaquer aux injustices subies hors monde du travail, dans leur cadre de vie et environnement quotidiens.\u00a0<\/b><\/p><p><span style=\"font-weight: 400;\">C\u2019est lors de son Assembl\u00e9e g\u00e9n\u00e9rale fondatrice tenue cet apr\u00e8s-midi au Gaztetxe Zizpa \u00e0 Bayonne que le nouveau mouvement Alda a vu le jour. D\u00e9fendre les droits et les besoins des milieux et des quartiers populaires, leur redonner du pouvoir et faire entendre leurs voix : voici les objectifs que se donne cette nouvelle organisation basque. 48 personnes ont ainsi adopt\u00e9 les statuts de l\u2019association, approuv\u00e9 \u00e0 l\u2019unanimit\u00e9 une Charte fondatrice et \u00e9lu son premier Conseil d\u2019administration de neuf membres dont deux co-pr\u00e9sident.e.s. L\u2019Assembl\u00e9e g\u00e9n\u00e9rale a \u00e9galement mis en place ses premiers axes de travail concret.<\/span><\/p><p><span style=\"font-weight: 400;\">\u201c<\/span><i><span style=\"font-weight: 400;\">La naissance d\u2019Alda repose sur un constat : celui de l\u2019augmentation de la pr\u00e9carit\u00e9 chez une partie croissante de la population, situation aggrav\u00e9e par le fait que ces milieux se retrouvent de plus en plus d\u00e9connect\u00e9s des structures collectives et des organisations traditionnelles. Ce constat s\u2019est transform\u00e9 en besoin : pour construire un territoire plus juste et plus durable, il faut imp\u00e9rativement redonner du pouvoir aux personnes des milieux populaires, et faire entendre leurs voix.<\/span><\/i><span style=\"font-weight: 400;\">\u201d explique Xebax Christy, co-pr\u00e9sident d\u2019Alda.\u00a0<\/span><\/p><p><span style=\"font-weight: 400;\">Dans cette perspective, Alda cherchera \u00e0 la fois \u00e0 am\u00e9liorer les conditions de vie mat\u00e9rielles des gens dans leur cadre de vie quotidien (logement, quartier, acc\u00e8s \u00e0 l\u2019emploi, transports, \u00e9coles, administration, banques et services consommation, sant\u00e9, environnement, etc), mais \u00e9galement \u00e0 reconqu\u00e9rir reconnaissance et respect, \u00e0 reconstruire un tissu social et des solidarit\u00e9s actives, \u00e0 donner corps \u00e0 un projet culturel populaire, pour acqu\u00e9rir une vraie place dans la vie d\u00e9mocratique locale et globale, ainsi que dans la soci\u00e9t\u00e9 basque. L\u2019association Alda se veut ind\u00e9pendante de tout parti politique et des pouvoirs publics, et reposera sur les adh\u00e9sions individuelles de ses membres.\u00a0<\/span><\/p><p><span style=\"font-weight: 400;\">Premi\u00e8re op\u00e9ration concr\u00e8te : le lancement d\u2019une vaste enqu\u00eate d\u2019opinion intitul\u00e9e \u201cEt si \u00e7a changeait ?\u201d men\u00e9e dans seize quartiers de Bayonne \u00e0 partir du lundi 12 octobre. Pendant plusieurs mois, les b\u00e9n\u00e9voles d\u2019Alda se donnent pour objectif d\u2019aller recueillir les avis des habitantes et habitants de ces quartiers.\u00a0<\/span><\/p><p><i><span style=\"font-weight: 400;\">\u201cLa d\u00e9marche d\u2019Alda part des besoins des gens. Avant toute chose, il s\u2019agit de les \u00e9couter, de comprendre les difficult\u00e9s rencontr\u00e9es, le regard qu\u2019ils posent sur leurs conditions de vie mais aussi leurs envies, et leurs aspirations. Nous invitons \u00e0 pr\u00e9sent toutes celles et ceux qui se retrouvent dans le projet d\u2019Alda \u00e0 venir nous retrouver : pour participer \u00e0 la r\u00e9alisation de l\u2019enqu\u00eate, pour participer \u00e0 l\u2019\u00e9criture et \u00e0 la diffusion du journal des quartiers Alda, pour s\u2019organiser face \u00e0 tel probl\u00e8me concret, telle injustice ou tel besoin collectif, etc.\u201d <\/span><\/i><span style=\"font-weight: 400;\">conclut Malika Peyraut, co-pr\u00e9sidente d\u2019Alda.\u00a0<\/span><\/p><p><a href=\"https:\/\/drive.google.com\/file\/d\/1hLE_5_4QouPIZyxtPoCam6RV070n7ZrP\/view?usp=sharing\"><span style=\"font-weight: 400;\">Statuts<\/span><\/a><span style=\"font-weight: 400;\"> et <\/span><a href=\"https:\/\/drive.google.com\/file\/d\/1JJcVuZgy0KC0e8egvJVRdSoHuXywSPlS\/view?usp=sharing\"><span style=\"font-weight: 400;\">Charte<\/span><\/a><span style=\"font-weight: 400;\"> tels qu\u2019adopt\u00e9s lors de l\u2019Assembl\u00e9e g\u00e9n\u00e9rale fondatrice d\u2019Alda\u00a0<\/span><\/p><p><span style=\"font-weight: 400;\">Les <\/span><a href=\"https:\/\/drive.google.com\/drive\/folders\/1mEMNAg65YDhcbvNKUPm04dklu2iulwF-?usp=sharing\"><span style=\"font-weight: 400;\">photos libres de droit sont disponibles ici <\/span><\/a><span style=\"font-weight: 400;\">\u00a0<\/span><\/p><p><b>Contacts presse :\u00a0<\/b><\/p><ul><li style=\"font-weight: 400;\"><span style=\"font-weight: 400;\">Xebax Christy (fran\u00e7ais & euskara) : 06 33 04 56 62\u00a0<\/span><\/li><li style=\"font-weight: 400;\"><span style=\"font-weight: 400;\">Malika Peyraut (fran\u00e7ais) : 06 88 48 93 68 <\/span><\/li><\/ul><p>[\/et_pb_text][\/et_pb_column][et_pb_column type=\"1_5\" _builder_version=\"4.6.5\" _module_preset=\"default\"][\/et_pb_column][\/et_pb_row][et_pb_row column_structure=\"1_2,1_2\" _builder_version=\"4.6.5\" _module_preset=\"default\"][et_pb_column type=\"1_2\" _builder_version=\"4.6.5\" _module_preset=\"default\"][et_pb_image _builder_version=\"4.6.5\" _module_preset=\"default\" title_text=\"2-Cre\u0301dits Re\u0301mi Rivie\u0300re\" src=\"http:\/\/www.alda.eus\/wp-content\/uploads\/2020\/10\/2-Cre\u0301dits-Re\u0301mi-Rivie\u0300re-scaled.jpg\" hover_enabled=\"0\" sticky_enabled=\"0\"][\/et_pb_image][\/et_pb_column][et_pb_column type=\"1_2\" _builder_version=\"4.6.5\" _module_preset=\"default\"][et_pb_image _builder_version=\"4.6.5\" _module_preset=\"default\" title_text=\"5 - Cre\u0301dits Re\u0301mi Rivie\u0300re\" src=\"http:\/\/www.alda.eus\/wp-content\/uploads\/2020\/10\/5-Cre\u0301dits-Re\u0301mi-Rivie\u0300re-scaled.jpg\" hover_enabled=\"0\" sticky_enabled=\"0\"][\/et_pb_image][\/et_pb_column][\/et_pb_row][\/et_pb_section]<\/p>","_et_gb_content_width":""},"categories":[14],"tags":[],"_links":{"self":[{"href":"https:\/\/www.alda.eus\/eu\/wp-json\/wp\/v2\/posts\/687"}],"collection":[{"href":"https:\/\/www.alda.eus\/eu\/wp-json\/wp\/v2\/posts"}],"about":[{"href":"https:\/\/www.alda.eus\/eu\/wp-json\/wp\/v2\/types\/post"}],"author":[{"embeddable":true,"href":"https:\/\/www.alda.eus\/eu\/wp-json\/wp\/v2\/users\/1"}],"replies":[{"embeddable":true,"href":"https:\/\/www.alda.eus\/eu\/wp-json\/wp\/v2\/comments?post=687"}],"version-history":[{"count":8,"href":"https:\/\/www.alda.eus\/eu\/wp-json\/wp\/v2\/posts\/687\/revisions"}],"predecessor-version":[{"id":734,"href":"https:\/\/www.alda.eus\/eu\/wp-json\/wp\/v2\/posts\/687\/revisions\/734"}],"wp:featuredmedia":[{"embeddable":true,"href":"https:\/\/www.alda.eus\/eu\/wp-json\/wp\/v2\/media\/676"}],"wp:attachment":[{"href":"https:\/\/www.alda.eus\/eu\/wp-json\/wp\/v2\/media?parent=687"}],"wp:term":[{"taxonomy":"category","embeddable":true,"href":"https:\/\/www.alda.eus\/eu\/wp-json\/wp\/v2\/categories?post=687"},{"taxonomy":"post_tag","embeddable":true,"href":"https:\/\/www.alda.eus\/eu\/wp-json\/wp\/v2\/tags?post=687"}],"curies":[{"name":"wp","href":"https:\/\/api.w.org\/{rel}","templated":true}]}}