{"id":12715,"date":"2025-07-16T21:58:21","date_gmt":"2025-07-16T19:58:21","guid":{"rendered":"https:\/\/www.alda.eus\/?p=12715"},"modified":"2025-07-16T21:58:25","modified_gmt":"2025-07-16T19:58:25","slug":"auzolan-2025-han-izanen-naiz","status":"publish","type":"post","link":"https:\/\/www.alda.eus\/eu\/auzolan-2025-han-izanen-naiz\/","title":{"rendered":"AUZOLAN 2025 : #HAN IZANEN NAIZ"},"content":{"rendered":"<p>[et_pb_section fb_built=&#8221;1&#8243; admin_label=&#8221;section&#8221; _builder_version=&#8221;3.22&#8243;][et_pb_row admin_label=&#8221;row&#8221; _builder_version=&#8221;4.6.5&#8243; background_size=&#8221;initial&#8221; background_position=&#8221;top_left&#8221; background_repeat=&#8221;repeat&#8221;][et_pb_column type=&#8221;4_4&#8243; _builder_version=&#8221;3.25&#8243; custom_padding=&#8221;|||&#8221; custom_padding__hover=&#8221;|||&#8221;][et_pb_text admin_label=&#8221;Text&#8221; _builder_version=&#8221;4.6.5&#8243; background_size=&#8221;initial&#8221; background_position=&#8221;top_left&#8221; background_repeat=&#8221;repeat&#8221; hover_enabled=&#8221;0&#8243; sticky_enabled=&#8221;0&#8243;]<\/p>\n<p><strong>Auzolanen parte hartzeko Mobilizazio handia Baionako besten karietara, etxebizitza eskubidearen aldeko eguna gertatuko den Patxa plazatik zuzenean!<\/strong><\/p>\n<p>Gertakari horren berri hedatu nahi duzu zuk ere, zure inguruan edo oporraldi\u00a0 denboran?<\/p>\n<p>Zato afitxa eta esku orrien bila Baionako Cordeliers karrikako 20.erat (astelehenetik ostiralera, 9:30etatik 13:00era edo 15:00etatik 18:30etara). gure \u201c #Auzolan han izanen naiz\u201d irudiak inprimatzen ahal dituzu eta zure argazki berezienak igorri, ziren tokitik. Zeren etxebizitza eskubidea denen egitekoa da!<\/p>\n<p>Egitarauaren lehen berriak :\u00a0 <a href=\"https:\/\/www.alda.eus\/auzolan-2025\/\">https:\/\/www.alda.eus\/auzolan-2025\/<\/a><\/p>\n<p>Facebook gertakaria segitzeko eta partekatzeko : <a href=\"https:\/\/www.facebook.com\/events\/1481087169537748\/\">https:\/\/www.facebook.com\/events\/1481087169537748\/<\/a><\/p>\n<p>Eta boluntario gisa izena eman nahi baduzu, oraidanik edo E egunean laguntzeko, hemen sartu zure izena:<\/p>\n<p><a href=\"https:\/\/bit.ly\/auzolan-2025-benevoles-luguntzaile\">https:\/\/bit.ly\/auzolan-2025-benevoles-luguntzaile<\/a><\/p>\n<p>PDF : <a href=\"https:\/\/www.alda.eus\/wp-content\/uploads\/2025\/07\/Auzolan-Jy-serai.pdf\" rel=\"attachment wp-att-12709\">Auzolan &#8211; J&#8217;y serai FR et EUS<\/a><\/p>\n<p><img class=\"wp-image-12707 alignnone size-medium\" src=\"https:\/\/www.alda.eus\/wp-content\/uploads\/2025\/07\/Auzolan-jy-serai-Han-izanen-naiz-2-300x212.jpg\" alt=\"\" width=\"300\" height=\"212\" \/><\/p>\n<p>&nbsp;<\/p>\n<p>[\/et_pb_text][\/et_pb_column][\/et_pb_row][\/et_pb_section]<\/p>\n","protected":false},"excerpt":{"rendered":"<p>[et_pb_section fb_built=&#8221;1&#8243; admin_label=&#8221;section&#8221; _builder_version=&#8221;3.22&#8243;][et_pb_row admin_label=&#8221;row&#8221; _builder_version=&#8221;4.6.5&#8243; background_size=&#8221;initial&#8221; background_position=&#8221;top_left&#8221; background_repeat=&#8221;repeat&#8221;][et_pb_column type=&#8221;4_4&#8243; _builder_version=&#8221;3.25&#8243; custom_padding=&#8221;|||&#8221; custom_padding__hover=&#8221;|||&#8221;][et_pb_text admin_label=&#8221;Text&#8221; _builder_version=&#8221;4.6.5&#8243; background_size=&#8221;initial&#8221; background_position=&#8221;top_left&#8221; background_repeat=&#8221;repeat&#8221; hover_enabled=&#8221;0&#8243; sticky_enabled=&#8221;0&#8243;] Auzolanen parte hartzeko Mobilizazio handia Baionako besten karietara, etxebizitza eskubidearen aldeko eguna gertatuko den Patxa plazatik zuzenean! Gertakari horren berri hedatu nahi duzu zuk ere, zure inguruan edo oporraldi\u00a0 denboran? Zato afitxa eta esku orrien [&hellip;]<\/p>\n","protected":false},"author":14,"featured_media":12706,"comment_status":"open","ping_status":"open","sticky":false,"template":"","format":"standard","meta":{"_et_pb_use_builder":"on","_et_pb_old_content":"<p>[et_pb_section fb_built=\"1\" admin_label=\"section\" _builder_version=\"3.22\"][et_pb_row admin_label=\"row\" _builder_version=\"4.6.5\" background_size=\"initial\" background_position=\"top_left\" background_repeat=\"repeat\" hover_enabled=\"0\" sticky_enabled=\"0\"][et_pb_column type=\"4_4\" _builder_version=\"3.25\" custom_padding=\"|||\" custom_padding__hover=\"|||\"][et_pb_text admin_label=\"Text\" _builder_version=\"4.6.5\" background_size=\"initial\" background_position=\"top_left\" background_repeat=\"repeat\" hover_enabled=\"0\" sticky_enabled=\"0\"]<\/p><p>\ud835\udddc\ud835\uddf9\ud835\ude00 \ud835\ude00\ud835\uddf2\ud835\uddff\ud835\uddfc\ud835\uddfb\ud835\ude01 \ud835\uddee\u0300 \ud835\uddd4\ud835\ude02\ud835\ude07\ud835\uddfc\ud835\uddf9\ud835\uddee\ud835\uddfb \ud835\uddf9\ud835\uddf2\ud835\ude00 \ud835\udfed\ud835\udfec \ud835\uddf2\ud835\ude01 \ud835\udfed\ud835\udfed \ud835\uddfc\ud835\uddf0\ud835\ude01\ud835\uddfc\ud835\uddef\ud835\uddff\ud835\uddf2 \ud835\uddfd\ud835\uddff\ud835\uddfc\ud835\uddf0\ud835\uddf5\ud835\uddee\ud835\uddf6\ud835\uddfb\ud835\ude00. \ud835\uddd8\ud835\ude01 \ud835\ude01\ud835\uddfc\ud835\uddf6 ?<\/p><p>Grosse mobilisation lors des f\u00eates de Bayonne pour appeler \u00e0 participer \u00e0 Auzolan depuis la place Patxa o\u00f9 se tiendra la journ\u00e9e du droit au logement !<\/p><p>Toi aussi tu veux communiquer sur cet \u00e9v\u00e9nement autour de chez toi ou pendant tes vacances?<\/p><p>Viens r\u00e9cup\u00e9rer des affiches et des flyers au 20 rue des Cordeliers \u00e0 Bayonne (du lundi au vendredi, de 9h30 \u00e0 13h ou de 15h \u00e0 18h30). Tu peux aussi imprimer nos visuels \u201c #Auzolan j\u2019y serai\u201d et nous envoyer tes photos les plus originales, o\u00f9 que tu sois. Car le droit au logement, c'est l'affaire de toutes et tous !<\/p><p>Les premi\u00e8res infos du programme : <a href=\"https:\/\/www.alda.eus\/auzolan-2025\/\">https:\/\/www.alda.eus\/auzolan-2025\/<\/a><\/p><p>L\u2019\u00e9v\u00e9nement facebook \u00e0 suivre et partager : <a href=\"https:\/\/www.facebook.com\/events\/1481087169537748\/\">https:\/\/www.facebook.com\/events\/1481087169537748\/<\/a><\/p><p>Et si tu veux t\u2019inscrire comme b\u00e9n\u00e9vole pour aider d\u00e8s maintenant ou je jour J, inscris-toi ici : <a href=\"https:\/\/bit.ly\/auzolan-2025-benevoles-luguntzaile\">https:\/\/bit.ly\/auzolan-2025-benevoles-luguntzaile<\/a><\/p><p>Lien en PDF : <a href=\"https:\/\/www.alda.eus\/wp-content\/uploads\/2025\/07\/Auzolan-Jy-serai.pdf\" rel=\"attachment wp-att-12709\">Auzolan - J'y serai FR et EUS<\/a><\/p><p><img class=\"wp-image-12705 alignnone size-medium\" src=\"https:\/\/www.alda.eus\/wp-content\/uploads\/2025\/07\/Auzolan-jy-serai-Han-izanen-naiz-1-300x212.jpg\" alt=\"\" width=\"300\" height=\"212\" \/> <img class=\"wp-image-12707 alignnone size-medium\" src=\"https:\/\/www.alda.eus\/wp-content\/uploads\/2025\/07\/Auzolan-jy-serai-Han-izanen-naiz-2-300x212.jpg\" alt=\"\" width=\"300\" height=\"212\" \/><\/p><p>\u00a0<\/p><p>[\/et_pb_text][\/et_pb_column][\/et_pb_row][\/et_pb_section]<\/p>","_et_gb_content_width":""},"categories":[28,14,4],"tags":[],"_links":{"self":[{"href":"https:\/\/www.alda.eus\/eu\/wp-json\/wp\/v2\/posts\/12715"}],"collection":[{"href":"https:\/\/www.alda.eus\/eu\/wp-json\/wp\/v2\/posts"}],"about":[{"href":"https:\/\/www.alda.eus\/eu\/wp-json\/wp\/v2\/types\/post"}],"author":[{"embeddable":true,"href":"https:\/\/www.alda.eus\/eu\/wp-json\/wp\/v2\/users\/14"}],"replies":[{"embeddable":true,"href":"https:\/\/www.alda.eus\/eu\/wp-json\/wp\/v2\/comments?post=12715"}],"version-history":[{"count":5,"href":"https:\/\/www.alda.eus\/eu\/wp-json\/wp\/v2\/posts\/12715\/revisions"}],"predecessor-version":[{"id":12721,"href":"https:\/\/www.alda.eus\/eu\/wp-json\/wp\/v2\/posts\/12715\/revisions\/12721"}],"wp:featuredmedia":[{"embeddable":true,"href":"https:\/\/www.alda.eus\/eu\/wp-json\/wp\/v2\/media\/12706"}],"wp:attachment":[{"href":"https:\/\/www.alda.eus\/eu\/wp-json\/wp\/v2\/media?parent=12715"}],"wp:term":[{"taxonomy":"category","embeddable":true,"href":"https:\/\/www.alda.eus\/eu\/wp-json\/wp\/v2\/categories?post=12715"},{"taxonomy":"post_tag","embeddable":true,"href":"https:\/\/www.alda.eus\/eu\/wp-json\/wp\/v2\/tags?post=12715"}],"curies":[{"name":"wp","href":"https:\/\/api.w.org\/{rel}","templated":true}]}}