{"id":10821,"date":"2024-11-29T17:30:05","date_gmt":"2024-11-29T16:30:05","guid":{"rendered":"https:\/\/www.alda.eus\/?p=10821"},"modified":"2024-11-29T17:30:09","modified_gmt":"2024-11-29T16:30:09","slug":"aldaren-garaipenen-besta-larunbata-abenduaren-14a","status":"publish","type":"post","link":"https:\/\/www.alda.eus\/eu\/aldaren-garaipenen-besta-larunbata-abenduaren-14a\/","title":{"rendered":"Aldaren garaipenen besta: larunbata abenduaren 14a"},"content":{"rendered":"<p>[et_pb_section fb_built=&#8221;1&#8243; admin_label=&#8221;section&#8221; _builder_version=&#8221;3.22&#8243;][et_pb_row admin_label=&#8221;row&#8221; _builder_version=&#8221;3.25&#8243; background_size=&#8221;initial&#8221; background_position=&#8221;top_left&#8221; background_repeat=&#8221;repeat&#8221;][et_pb_column type=&#8221;4_4&#8243; _builder_version=&#8221;3.25&#8243; custom_padding=&#8221;|||&#8221; custom_padding__hover=&#8221;|||&#8221;][et_pb_text admin_label=&#8221;Text&#8221; _builder_version=&#8221;4.6.5&#8243; background_size=&#8221;initial&#8221; background_position=&#8221;top_left&#8221; background_repeat=&#8221;repeat&#8221; hover_enabled=&#8221;0&#8243; sticky_enabled=&#8221;0&#8243;]<\/p>\n<div class=\"xdj266r x11i5rnm xat24cr x1mh8g0r x1vvkbs x126k92a\">\n<div class=\"xdj266r x11i5rnm xat24cr x1mh8g0r x1vvkbs x126k92a\">\n<div class=\"xdj266r x11i5rnm xat24cr x1mh8g0r x1vvkbs x126k92a\">\n<div class=\"x11i5rnm xat24cr x1mh8g0r x1vvkbs xtlvy1s x126k92a\">\n<p dir=\"auto\">2024a laster bukatzen ari da&#8230; eta berriz ere erraiten ahal dugu urte kargatua izan dela Aldarentzat, garaipen eta aitzinatze berriekin, Euskal Herri justuago, biziago, solidarioagoa eraikitzeko!<\/p>\n<\/div>\n<div dir=\"auto\">\n<p>Iragan ibilbidea elkarrekin ospatzeko, Aldako kide, laguntzaile eta sustatzaile guztiak gomitatuak dira abenduaren 14a, larunbatarekin, 18:00etatik goiti besta giroko zintzur bustitzera. Egitarauan: pintxoak, musika animazioa, erakusketak eta beste sorpresa batzu!<\/p>\n<\/div>\n<div dir=\"auto\">\n<p>Eta besta baino justu lehenago, Patxokitik 3 minutura, Alda-k etxebizitza sozialari buruzko hitzaldi bat antolatuko du hainbat aditurekin: Ren\u00e9 Dutrey (pertsona behartsuen etxebizitzaren aldeko Goi Batzordeko idazkari orokorra) zein Nadia Sahmi (irisgarritasunean aditua den arkitektua eta Cogito Ergo Sum agentziako zuzendaria) eta lurraldeko hainbat alokatzaile sozial (HSA, Office 64, Domofrance eta COL). Elkarteak eraman beharreko ekintzei eta hartu beharreko engaiamenduei buruz galdetuko die. Hitzaldia urririk izanen da baina lekuak mugatuak izanki, norberak berea erreserbatzea aholkatua da: <span class=\"html-span xdj266r x11i5rnm xat24cr x1mh8g0r xexx8yu x4uap5 x18d9i69 xkhd6sd x1hl2dhg x16tdsg8 x1vvkbs\"><a class=\"x1i10hfl xjbqb8w x1ejq31n xd10rxx x1sy0etr x17r0tee x972fbf xcfux6l x1qhh985 xm0m39n x9f619 x1ypdohk xt0psk2 xe8uvvx xdj266r x11i5rnm xat24cr x1mh8g0r xexx8yu x4uap5 x18d9i69 xkhd6sd x16tdsg8 x1hl2dhg xggy1nq x1a2a7pz x1sur9pj xkrqix3 x1fey0fg x1s688f\" tabindex=\"0\" role=\"link\" href=\"https:\/\/l.facebook.com\/l.php?u=https%3A%2F%2Fbit.ly%2Fconference-alda-14-12-2024%3Ffbclid%3DIwZXh0bgNhZW0CMTAAAR0ohPce2xpjYmb-vK3N19p1FUvLayIxLwPk9_nKC_g1WovvNuN-33CHRrc_aem_cOahpcyOMAnMBvEege9uyw&amp;h=AT2cPOt0s6Z-WqjcZGO8Lmn9RDpIyKf2fDMW8ZaD4DMsXYA6_oifwXEf7eDIQ6dMPLJppgVmVssjtGTEres1_dziSbiRBTBnmStV-IYnljzzXilpUcRpTikdIj-iVR8XDEO4TPA5zAVw2PsTWdg626s&amp;__tn__=-UK-R&amp;c[0]=AT1qJJZt6Ig5YFpuf06o5-IPW-Y5lysKCFFIkS1MaAY2aPA2B7uUaJhN6flkAY2o7oiqkhnw--YXkv8dexOk1rx1XdcNHbsfscXPYqqpEvn0Aj9WlVJWTU-9Yv80NCHF230r77zoNHiDk9-McZ5K9T2CZeQhtler3MHksLeL7jTxpSn3e9Rs2xmJpA203Ojd0Wx9iYoVtvRYAKTU63ui8Kp0zQ\" target=\"_blank\" rel=\"nofollow noopener noreferrer\">https:\/\/bit.ly\/conference-alda-14-12-2024<\/a><\/span>.<\/p>\n<\/div>\n<div class=\"x11i5rnm xat24cr x1mh8g0r x1vvkbs xtlvy1s x126k92a\">\n<p dir=\"auto\">Beraz, han ikusiko dugu elkar?<\/p>\n<\/div>\n<\/div>\n<\/div>\n<\/div>\n<p>[\/et_pb_text][\/et_pb_column][\/et_pb_row][\/et_pb_section]<\/p>\n","protected":false},"excerpt":{"rendered":"<p>[et_pb_section fb_built=&#8221;1&#8243; admin_label=&#8221;section&#8221; _builder_version=&#8221;3.22&#8243;][et_pb_row admin_label=&#8221;row&#8221; _builder_version=&#8221;3.25&#8243; background_size=&#8221;initial&#8221; background_position=&#8221;top_left&#8221; background_repeat=&#8221;repeat&#8221;][et_pb_column type=&#8221;4_4&#8243; _builder_version=&#8221;3.25&#8243; custom_padding=&#8221;|||&#8221; custom_padding__hover=&#8221;|||&#8221;][et_pb_text admin_label=&#8221;Text&#8221; _builder_version=&#8221;4.6.5&#8243; background_size=&#8221;initial&#8221; background_position=&#8221;top_left&#8221; background_repeat=&#8221;repeat&#8221; hover_enabled=&#8221;0&#8243; sticky_enabled=&#8221;0&#8243;] 2024a laster bukatzen ari da&#8230; eta berriz ere erraiten ahal dugu urte kargatua izan dela Aldarentzat, garaipen eta aitzinatze berriekin, Euskal Herri justuago, biziago, solidarioagoa eraikitzeko! Iragan ibilbidea elkarrekin ospatzeko, Aldako kide, laguntzaile eta sustatzaile [&hellip;]<\/p>\n","protected":false},"author":10,"featured_media":10816,"comment_status":"open","ping_status":"open","sticky":false,"template":"","format":"standard","meta":{"_et_pb_use_builder":"on","_et_pb_old_content":"<p>[et_pb_section fb_built=\"1\" admin_label=\"section\" _builder_version=\"3.22\"][et_pb_row admin_label=\"row\" _builder_version=\"3.25\" background_size=\"initial\" background_position=\"top_left\" background_repeat=\"repeat\"][et_pb_column type=\"4_4\" _builder_version=\"3.25\" custom_padding=\"|||\" custom_padding__hover=\"|||\"][et_pb_text admin_label=\"Text\" _builder_version=\"4.6.5\" background_size=\"initial\" background_position=\"top_left\" background_repeat=\"repeat\" hover_enabled=\"0\" sticky_enabled=\"0\"]<\/p><div class=\"xdj266r x11i5rnm xat24cr x1mh8g0r x1vvkbs x126k92a\"><div class=\"xdj266r x11i5rnm xat24cr x1mh8g0r x1vvkbs x126k92a\"><div class=\"xdj266r x11i5rnm xat24cr x1mh8g0r x1vvkbs x126k92a\"><p dir=\"auto\">2024 touche bient\u00f4t \u00e0 sa fin\u2026 et le moins qu\u2019on puisse dire c\u2019est que cela a encore \u00e9t\u00e9 une ann\u00e9e charg\u00e9e pour Alda, avec de nouvelles victoires et avanc\u00e9es \u00e0 la cl\u00e9 pour construire un Pays Basque plus juste, plus vivant, plus solidaire !<\/p><p dir=\"auto\">Pour c\u00e9l\u00e9brer ensemble le chemin parcouru, tous les sympathisants d\u2019Alda sont invit\u00e9s \u00e0 un ap\u00e9ro festif et musical le samedi 14 d\u00e9cembre \u00e0 partir de 18h00 au Patxoki. Au programme : ap\u00e9ro pintxo, animations musicales, expositions des victoires de l\u2019ann\u00e9e\u2026 et d\u2019autres surprises !<\/p><p dir=\"auto\">Et juste avant la f\u00eate, \u00e0 3 minutes \u00e0 pied du Patxoki, Alda organisera une conf\u00e9rence sur le logement social en pr\u00e9sence d\u2019experts tels que Ren\u00e9 Dutrey (secr\u00e9taire g\u00e9n\u00e9ral du Haut Comit\u00e9 pour le logement des personnes d\u00e9favoris\u00e9es) et Nadia Sahmi (architecte experte en accessibilit\u00e9 et directrice de l\u2019Agence Cogito Ergo Sum) et de plusieurs bailleurs sociaux du territoire (HSA, Office 64, Domofrance et le COL) que l\u2019association interpellera sur les actions \u00e0 mener et les engagements \u00e0 prendre. La conf\u00e9rence gratuite mais les places \u00e9tant limit\u00e9es, il est conseill\u00e9 de r\u00e9server la sienne : <span class=\"html-span xdj266r x11i5rnm xat24cr x1mh8g0r xexx8yu x4uap5 x18d9i69 xkhd6sd x1hl2dhg x16tdsg8 x1vvkbs\"><a class=\"x1i10hfl xjbqb8w x1ejq31n xd10rxx x1sy0etr x17r0tee x972fbf xcfux6l x1qhh985 xm0m39n x9f619 x1ypdohk xt0psk2 xe8uvvx xdj266r x11i5rnm xat24cr x1mh8g0r xexx8yu x4uap5 x18d9i69 xkhd6sd x16tdsg8 x1hl2dhg xggy1nq x1a2a7pz x1sur9pj xkrqix3 x1fey0fg x1s688f\" tabindex=\"0\" role=\"link\" href=\"https:\/\/bit.ly\/conference-alda-14-12-2024?fbclid=IwZXh0bgNhZW0CMTAAAR3NIA02dt3cETMxluwHlieKauz-5BiFtlTQpFS7vl8KDeEL-C0vBwhnGJk_aem_2O7goFz8YXYrbXWYfNR8RQ\" target=\"_blank\" rel=\"nofollow noopener noreferrer\">https:\/\/bit.ly\/conference-alda-14-12-2024<\/a><\/span>.<\/p><p dir=\"auto\">Alors, on vous y retrouve ?<\/p><\/div><\/div><\/div><p>[\/et_pb_text][\/et_pb_column][\/et_pb_row][\/et_pb_section]<\/p>","_et_gb_content_width":""},"categories":[28,14],"tags":[],"_links":{"self":[{"href":"https:\/\/www.alda.eus\/eu\/wp-json\/wp\/v2\/posts\/10821"}],"collection":[{"href":"https:\/\/www.alda.eus\/eu\/wp-json\/wp\/v2\/posts"}],"about":[{"href":"https:\/\/www.alda.eus\/eu\/wp-json\/wp\/v2\/types\/post"}],"author":[{"embeddable":true,"href":"https:\/\/www.alda.eus\/eu\/wp-json\/wp\/v2\/users\/10"}],"replies":[{"embeddable":true,"href":"https:\/\/www.alda.eus\/eu\/wp-json\/wp\/v2\/comments?post=10821"}],"version-history":[{"count":6,"href":"https:\/\/www.alda.eus\/eu\/wp-json\/wp\/v2\/posts\/10821\/revisions"}],"predecessor-version":[{"id":10828,"href":"https:\/\/www.alda.eus\/eu\/wp-json\/wp\/v2\/posts\/10821\/revisions\/10828"}],"wp:featuredmedia":[{"embeddable":true,"href":"https:\/\/www.alda.eus\/eu\/wp-json\/wp\/v2\/media\/10816"}],"wp:attachment":[{"href":"https:\/\/www.alda.eus\/eu\/wp-json\/wp\/v2\/media?parent=10821"}],"wp:term":[{"taxonomy":"category","embeddable":true,"href":"https:\/\/www.alda.eus\/eu\/wp-json\/wp\/v2\/categories?post=10821"},{"taxonomy":"post_tag","embeddable":true,"href":"https:\/\/www.alda.eus\/eu\/wp-json\/wp\/v2\/tags?post=10821"}],"curies":[{"name":"wp","href":"https:\/\/api.w.org\/{rel}","templated":true}]}}